{"id":1424,"date":"2021-12-14T17:36:52","date_gmt":"2021-12-14T15:36:52","guid":{"rendered":"https:\/\/avocat-buruian-caracas.ro\/?p=1424"},"modified":"2022-02-18T13:51:54","modified_gmt":"2022-02-18T11:51:54","slug":"pensiile-de-stat-in-strainatate","status":"publish","type":"post","link":"https:\/\/avocat-buruian-caracas.ro\/ro\/2021\/12\/14\/pensiile-de-stat-in-strainatate\/","title":{"rendered":"Pensiile de stat \u00een str\u0103in\u0103tate"},"content":{"rendered":"<p>A\u021bi lucrat \u00een mai multe \u021b\u0103ri din UE \u0219i nu \u0219ti\u021bi \u00een care dintre acestea a\u021bi dob\u00e2ndit dreptul la pensie? Iat\u0103 ce trebuie s\u0103 \u0219ti\u021bi!<\/p>\n<p>Dup\u0103 ce v-a\u021bi tip\u0103rit cererea de pensionare, urm\u0103torul pas este s\u0103 o \u00eenainta\u021bi casei de pensii din \u021bara \u00een care locui\u021bi sau din ultima \u021bar\u0103 \u00een care a\u021bi muncit. \u00cen situa\u021bia \u00een care nu a\u021bi lucrat niciodat\u0103 \u00een \u021bara \u00een care locui\u021bi, casa de pensii va transfera solicitarea dumneavoastr\u0103 c\u0103tre \u021bara \u00een care a\u021bi lucrat ultima dat\u0103. \u021aara care se ocup\u0103 cu tratarea cererii va str\u00e2nge dovezile care certific\u0103 toate contribu\u021biile \u00eenaintate \u00een \u021b\u0103rile \u00een care a\u021bi lucrat.<\/p>\n<p>! \u00a0V\u0103 recomand\u0103m s\u0103 solicita\u021bi informa\u021bii cu cel pu\u021bin 6 luni \u00eenainte de pensionare \u00een cazul \u00een care sunt implicate mai multe \u021b\u0103ri. \u00cen unele \u021b\u0103ri din UE, casa de pensii v\u0103 va \u00eenainta din oficiu un formular de cerere de pensionare, dac\u0103 v\u0103 afla\u021bi \u00een apropierea v\u00e2rstei legale de pensionare. \u00cen caz contrar, contacta\u021bi casa de pensii.<\/p>\n<p>\u00cen general, printre documentele care v\u0103 vor fi solicitate se num\u0103r\u0103 un document de identificare \u0219i furnizarea coordonatelor dumneavoastr\u0103 bancare.<\/p>\n<p>Pensia de stat din \u021bara \u00een care locui\u021bi\/\u021bara \u00een care a\u021bi lucrat ultima dat\u0103, o ve\u021bi primi din momentul \u00een care a\u021bi \u00eemplinit v\u00e2rsta legal\u0103 de pensionare din acea \u021bar\u0103, f\u0103r\u0103 excep\u021bii. Dac\u0103 a\u021bi dob\u00e2ndit drepturi de pensie \u0219i \u00een alte \u021b\u0103ri, ve\u021bi intra \u00een posesia p\u0103r\u021bilor corespunz\u0103toare numai \u00een momentul \u00een care a\u021bi \u00eemplinit v\u00e2rsta legal\u0103 de pensionare din \u021b\u0103rile respective.<\/p>\n<p>V\u00e2rsta limit\u0103 de pensionare difer\u0103 de la stat la stat.<\/p>\n<p>Iat\u0103 c\u00e2teva exemple la nivelul statelor UE:<\/p>\n<ul>\n<li>\u00cen <a href=\"https:\/\/europa.eu\/youreurope\/citizens\/work\/retire-abroad\/state-pensions-abroad\/index_ro.htm\">Austria<\/a>, v\u00e2rsta legal\u0103 de pensionare este de 60 de ani pentru femei \u0219i 65 de ani pentru b\u0103rba\u021bi.<\/li>\n<li>\u00cen Belgia, v\u00e2rsta legal\u0103 de pensionare variaz\u0103:<\/li>\n<\/ul>\n<p>&#8211; 65 de ani pentru cei care se pensioneaz\u0103 \u00een data de sau \u00eenainte de 31 ianuarie 2025;<\/p>\n<p>&#8211; 66 de ani pentru cei care se pensioneaz\u0103 \u00eentre 1 februarie 2025 \u0219i 31 ianuarie 2030 inclusiv;<\/p>\n<p>&#8211; 67 de ani pentru cei care \u00ee\u0219i depun cererea de pensionare \u00een data sau dup\u0103 data de 1 februarie 2030.<\/p>\n<ul>\n<li>V\u00e2rsta legal\u0103 \u00een Fran\u021ba pentru a solicita o ,,pensie de pensionare\u2019\u2019 (pension de retraite) este stabilit\u0103 la 62 de ani pentru persoanele n\u0103scute din 1955 \u00eencoace.<\/li>\n<li>\u00cen <a href=\"https:\/\/europa.eu\/youreurope\/citizens\/work\/retire-abroad\/state-pensions-abroad\/index_ro.htm\">Grecia<\/a>, limita general\u0103 de v\u00e2rst\u0103 este de 67 de ani.<\/li>\n<li>Criteriile de v\u00e2rst\u0103 de pensionare \u00een <a href=\"https:\/\/europa.eu\/youreurope\/citizens\/work\/retire-abroad\/state-pensions-abroad\/index_ro.htm\">Malta<\/a> variaz\u0103:\n<ul>\n<li>O persoan\u0103 care s-a n\u0103scut \u00eentre 1952 \u0219i 1955 ajunge la v\u00e2rsta pensionabil\u0103 la 62 de ani;<\/li>\n<li>O persoan\u0103 care s-a n\u0103scut \u00eentre 1956 \u0219i 1958 atinge v\u00e2rsta de pensionare la 63 de ani;<\/li>\n<li>O persoan\u0103 care s-a n\u0103scut \u00eentre 1959 \u0219i 1961 atinge v\u00e2rsta pensionabil\u0103 la 64 de ani;<\/li>\n<li>O persoan\u0103 care s-a n\u0103scut la 1 ianuarie 1962 sau dup\u0103 aceasta \u00eempline\u0219te v\u00e2rsta de pensionare la 65 de ani.<\/li>\n<\/ul>\n<\/li>\n<li>\u00cen <a href=\"https:\/\/ec.europa.eu\/social\/main.jsp?catId=1126&amp;langId=en&amp;intPageId=4754\">Rom\u00e2nia<\/a>, de la 1 ianuarie 2021:\n<ul>\n<li>V\u00e2rsta standard de pensionare pentru femei este de 61 de ani \u0219i 6 luni \u0219i va cre\u0219te treptat la 63 de ani p\u00e2n\u0103 \u00een ianuarie 2030.<\/li>\n<li>V\u00e2rsta standard de pensionare pentru b\u0103rba\u021bi este de 65 de ani.<\/li>\n<li>Perioada minim\u0103 de contribu\u021bie este de 15 ani at\u00e2t pentru femei, c\u00e2t \u0219i pentru b\u0103rba\u021bi.<\/li>\n<li>Perioada complet\u0103 de cotizare pentru femei este de 31 de ani \u0219i 6 luni \u0219i va cre\u0219te treptat la 35 de ani p\u00e2n\u0103 \u00een ianuarie 2030.<\/li>\n<li>Perioada complet\u0103 de cotizare pentru b\u0103rba\u021bi este de 35 de ani.<\/li>\n<\/ul>\n<\/li>\n<li>\u00cen <a href=\"https:\/\/europa.eu\/youreurope\/citizens\/work\/retire-abroad\/state-pensions-abroad\/index_ro.htm\">Slovacia<\/a>, de la 1 ianuarie 2020, v\u00e2rsta de pensionare este stabilit\u0103 pentru to\u021bi asigura\u021bii, \u00een func\u021bie de data na\u0219terii, sexul \u0219i num\u0103rul de copii crescu\u021bi. Acesta variaz\u0103 de la 53 pentru femeile n\u0103scute \u00eenainte de 1951 la 64 pentru b\u0103rba\u021bii \u0219i femeile n\u0103scute \u00een 1966 sau mai t\u00e2rziu.<\/li>\n<li>Nu exist\u0103 o v\u00e2rst\u0103 fix\u0103 \u200b\u200bde pensionare \u00een Suedia. Pute\u021bi solicita pensia \u00eencep\u00e2nd cu \u00eemplinirea v\u00e2rstei de 62 de ani.<\/li>\n<\/ul>\n<p>! \u00a0Dac\u0103 nu v\u0103 pensiona\u021bi simultan, exist\u0103 probabilitatea ca valoarea pe care o ve\u021bi primi s\u0103 se modifice.<\/p>\n<p>\u00cen unele \u021b\u0103ri din UE, este absolut necesar s\u0103 fi lucrat un anumit interval de timp pentru a dob\u00e2ndi dreptul la pensia corespunz\u0103toare. Casa de pensii va aplica principiul cumul\u0103rii perioadelor care presupune luarea \u00een calcul a tuturor perioadele \u00een care a\u021bi lucrat \u00een alte \u021b\u0103ri din UE, ca \u0219i cum a\u021bi fi lucrat pe teritoriul \u021b\u0103rii \u00een cauz\u0103. \u00cen cazul vreunui refuz din partea Casei de pensii, solicita\u021bi sprijinul serviciului de asisten\u021b\u0103 \u201eEuropa ta \u2013 Consiliere\u201d.<\/p>\n<p>\u00cen situa\u021bia \u00een care, a\u021bi muncit mai pu\u021bin de un interval de un an pe teritoriul unei \u021b\u0103ri, s-ar putea aplica o regul\u0103 special\u0103: drepturile corespunz\u0103toare perioadei respective nu se pierd, ci sunt luate \u00een calcul pentru stabilirea pensiei \u00een \u021b\u0103rile \u00een care a\u021bi lucrat mai mult timp.<\/p>\n<p>Pentru calcularea pensiei, casa de pensii \u00eensumeaz\u0103 perioadele \u00een care a\u021bi lucrat \u00een toate \u021b\u0103rile din UE \u0219i stabile\u0219te pensia teoretic\u0103, adic\u0103 pensia pe care ar trebui s\u0103 v-o pl\u0103teasc\u0103 dac\u0103 toate contribu\u021biile ar fi fost v\u0103rsate \u00een fondul s\u0103u de pensii, pe toat\u0103 durata. Valoarea rezultat\u0103 se armonizeaz\u0103 pentru a reflecta durata efectiv\u0103 a perioadelor de contribu\u021bii din \u021bara respectiv\u0103 (,,presta\u021bie pro-rata\u2019\u2019).<\/p>\n<p>Dac\u0103 \u00eendeplini\u021bi criteriile de eligibilitate pentru a primi o pensie de stat \u00eentr-o anumit\u0103 \u021bar\u0103, casa de pensii calculeaz\u0103 \u0219i pensia na\u021bional\u0103, cunoscut\u0103 drept \u201e presta\u021bie autonom\u0103&#8221;, indiferent de perioadele \u00een care a\u021bi contribuit la fondurile de pensii din alte \u021b\u0103ri.<\/p>\n<p>\u00cen cele din urm\u0103, autoritatea na\u021bional\u0103 compar\u0103 presta\u021bia pro-rata \u0219i presta\u021bia autonom\u0103 \u0219i v\u0103 ofer\u0103 presta\u021bia care are valoarea mai mare \u00een \u021bara respectiv\u0103. Autoritatea v\u0103 va \u00eenm\u00e2na un formular P1, care va justifica decizia fiec\u0103rei \u021b\u0103ri cu privire la cererea dumneavoastr\u0103.<\/p>\n<p>Dac\u0103 locui\u021bi \u00eentr-una dintre \u021b\u0103rile UE, pensia v\u0103 va fi transferat\u0103 \u00eentr-un cont bancar din \u021bara dumneavoastr\u0103 de re\u0219edin\u021b\u0103. \u00cen caz contrar, a\u021bi putea fi nevoit s\u0103 v\u0103 deschide\u021bi c\u00e2te un cont bancar \u00een fiecare dintre \u021b\u0103rile care v\u0103 pl\u0103tesc pensii.<\/p>\n<h2>Pensia de invaliditate \u0219i pensia de urma\u0219<\/h2>\n<p>Regulile prezentate mai sus se aplic\u0103 \u0219i \u00een cazul calcul\u0103rii pensiilor de invaliditate \u0219i <a href=\"https:\/\/europa.eu\/youreurope\/citizens\/work\/unemployment-and-benefits\/death-grants\/index_ro.htm\">de urma\u0219<\/a>, \u00eens\u0103\u00a0regimul acord\u0103rii poate varia de la o \u021bar\u0103 la alta, astfel:<\/p>\n<ul>\n<li>Dac\u0103 solicita\u021bi o pensie de invaliditate sau o aloca\u021bie pentru pierderea capacit\u0103\u021bii de munc\u0103, este posibil ca\u00a0fiecare \u021bar\u0103\u00een care a\u021bi lucrat s\u0103 insiste asupra\u00a0necesit\u0103\u021bii de a v\u0103 examina separat dosarul &#8211; \u0219i s\u0103 ajung\u0103 la un rezultat diferit. \u00cen timp ce una dintre \u021b\u0103ri v-ar putea \u00eencadra \u00een gradul I de invaliditate, o alta ar putea s\u0103 considere c\u0103 sunte\u021bi total apt de munc\u0103.<\/li>\n<li>Pensia de urma\u0219 nu exist\u0103 \u00een toate \u021b\u0103rile din UE.Dac\u0103 so\u021bul sau so\u021bia dumneavoastr\u0103 a \u00a0lucrat \u00een str\u0103in\u0103tate, premerg\u0103tor exercit\u0103rii dreptului la pensia de urma\u0219, verifica\u021bi dac\u0103 o astfel de pensie exist\u0103 \u00een \u021bara \u00een care face\u021bi solicitarea.<\/li>\n<\/ul>\n<p>Acum \u0219tii ce ai de f\u0103cut?<\/p>\n","protected":false},"excerpt":{"rendered":"<p>A\u021bi lucrat \u00een mai multe \u021b\u0103ri din UE \u0219i nu \u0219ti\u021bi \u00een care dintre acestea a\u021bi dob\u00e2ndit dreptul la pensie? Iat\u0103 ce trebuie s\u0103 \u0219ti\u021bi! Dup\u0103 ce v-a\u021bi tip\u0103rit cererea de pensionare, urm\u0103torul pas este s\u0103 o \u00eenainta\u021bi casei de pensii din \u021bara \u00een care locui\u021bi sau din ultima \u021bar\u0103 \u00een care a\u021bi muncit. \u00cen [&hellip;]<\/p>\n","protected":false},"author":2,"featured_media":0,"comment_status":"closed","ping_status":"closed","sticky":false,"template":"","format":"standard","meta":{"footnotes":""},"categories":[21],"tags":[],"yoast_head":"<!-- This site is optimized with the Yoast SEO plugin v21.4 - https:\/\/yoast.com\/wordpress\/plugins\/seo\/ -->\n<title>Pensiile de stat \u00een str\u0103in\u0103tate - SCPA BURUIAN, CARACA\u0218 \u0218I ASOCIA\u021aII<\/title>\n<meta name=\"robots\" content=\"index, follow, max-snippet:-1, max-image-preview:large, max-video-preview:-1\" \/>\n<link rel=\"canonical\" href=\"https:\/\/avocat-buruian-caracas.ro\/ro\/2021\/12\/14\/pensiile-de-stat-in-strainatate\/\" \/>\n<meta property=\"og:locale\" content=\"ro_RO\" \/>\n<meta property=\"og:type\" content=\"article\" \/>\n<meta property=\"og:title\" content=\"Pensiile de stat \u00een str\u0103in\u0103tate - SCPA BURUIAN, CARACA\u0218 \u0218I ASOCIA\u021aII\" \/>\n<meta property=\"og:description\" content=\"A\u021bi lucrat \u00een mai multe \u021b\u0103ri din UE \u0219i nu \u0219ti\u021bi \u00een care dintre acestea a\u021bi dob\u00e2ndit dreptul la pensie? Iat\u0103 ce trebuie s\u0103 \u0219ti\u021bi! Dup\u0103 ce v-a\u021bi tip\u0103rit cererea de pensionare, urm\u0103torul pas este s\u0103 o \u00eenainta\u021bi casei de pensii din \u021bara \u00een care locui\u021bi sau din ultima \u021bar\u0103 \u00een care a\u021bi muncit. \u00cen [&hellip;]\" \/>\n<meta property=\"og:url\" content=\"https:\/\/avocat-buruian-caracas.ro\/ro\/2021\/12\/14\/pensiile-de-stat-in-strainatate\/\" \/>\n<meta property=\"og:site_name\" content=\"SCPA BURUIAN, CARACA\u0218 \u0218I ASOCIA\u021aII\" \/>\n<meta property=\"article:publisher\" content=\"https:\/\/www.facebook.com\/buruian.caracas.avocati\/\" \/>\n<meta property=\"article:published_time\" content=\"2021-12-14T15:36:52+00:00\" \/>\n<meta property=\"article:modified_time\" content=\"2022-02-18T11:51:54+00:00\" \/>\n<meta name=\"author\" content=\"SCPA BURUIAN, CARACAS SI ASOCIATII\" \/>\n<meta name=\"twitter:card\" content=\"summary_large_image\" \/>\n<meta name=\"twitter:label1\" content=\"Scris de\" \/>\n\t<meta name=\"twitter:data1\" content=\"SCPA BURUIAN, CARACAS SI ASOCIATII\" \/>\n\t<meta name=\"twitter:label2\" content=\"Timp estimat pentru citire\" \/>\n\t<meta name=\"twitter:data2\" content=\"6 minute\" \/>\n<script type=\"application\/ld+json\" class=\"yoast-schema-graph\">{\"@context\":\"https:\/\/schema.org\",\"@graph\":[{\"@type\":\"Article\",\"@id\":\"https:\/\/avocat-buruian-caracas.ro\/ro\/2021\/12\/14\/pensiile-de-stat-in-strainatate\/#article\",\"isPartOf\":{\"@id\":\"https:\/\/avocat-buruian-caracas.ro\/ro\/2021\/12\/14\/pensiile-de-stat-in-strainatate\/\"},\"author\":{\"name\":\"SCPA BURUIAN, CARACAS SI ASOCIATII\",\"@id\":\"https:\/\/avocat-buruian-caracas.ro\/ro\/#\/schema\/person\/16e2f667a12e3b89bcb82b5b347ca240\"},\"headline\":\"Pensiile de stat \u00een str\u0103in\u0103tate\",\"datePublished\":\"2021-12-14T15:36:52+00:00\",\"dateModified\":\"2022-02-18T11:51:54+00:00\",\"mainEntityOfPage\":{\"@id\":\"https:\/\/avocat-buruian-caracas.ro\/ro\/2021\/12\/14\/pensiile-de-stat-in-strainatate\/\"},\"wordCount\":1203,\"publisher\":{\"@id\":\"https:\/\/avocat-buruian-caracas.ro\/ro\/#organization\"},\"articleSection\":[\"Dreptul Muncii\"],\"inLanguage\":\"ro-RO\"},{\"@type\":\"WebPage\",\"@id\":\"https:\/\/avocat-buruian-caracas.ro\/ro\/2021\/12\/14\/pensiile-de-stat-in-strainatate\/\",\"url\":\"https:\/\/avocat-buruian-caracas.ro\/ro\/2021\/12\/14\/pensiile-de-stat-in-strainatate\/\",\"name\":\"Pensiile de stat \u00een str\u0103in\u0103tate - SCPA BURUIAN, CARACA\u0218 \u0218I ASOCIA\u021aII\",\"isPartOf\":{\"@id\":\"https:\/\/avocat-buruian-caracas.ro\/ro\/#website\"},\"datePublished\":\"2021-12-14T15:36:52+00:00\",\"dateModified\":\"2022-02-18T11:51:54+00:00\",\"breadcrumb\":{\"@id\":\"https:\/\/avocat-buruian-caracas.ro\/ro\/2021\/12\/14\/pensiile-de-stat-in-strainatate\/#breadcrumb\"},\"inLanguage\":\"ro-RO\",\"potentialAction\":[{\"@type\":\"ReadAction\",\"target\":[\"https:\/\/avocat-buruian-caracas.ro\/ro\/2021\/12\/14\/pensiile-de-stat-in-strainatate\/\"]}]},{\"@type\":\"BreadcrumbList\",\"@id\":\"https:\/\/avocat-buruian-caracas.ro\/ro\/2021\/12\/14\/pensiile-de-stat-in-strainatate\/#breadcrumb\",\"itemListElement\":[{\"@type\":\"ListItem\",\"position\":1,\"name\":\"Home\",\"item\":\"https:\/\/avocat-buruian-caracas.ro\/ro\/\"},{\"@type\":\"ListItem\",\"position\":2,\"name\":\"Pensiile de stat \u00een str\u0103in\u0103tate\"}]},{\"@type\":\"WebSite\",\"@id\":\"https:\/\/avocat-buruian-caracas.ro\/ro\/#website\",\"url\":\"https:\/\/avocat-buruian-caracas.ro\/ro\/\",\"name\":\"SCP BURUIAN, CARACAS SI ASOCIATII\",\"description\":\"SCPA\",\"publisher\":{\"@id\":\"https:\/\/avocat-buruian-caracas.ro\/ro\/#organization\"},\"potentialAction\":[{\"@type\":\"SearchAction\",\"target\":{\"@type\":\"EntryPoint\",\"urlTemplate\":\"https:\/\/avocat-buruian-caracas.ro\/ro\/?s={search_term_string}\"},\"query-input\":\"required name=search_term_string\"}],\"inLanguage\":\"ro-RO\"},{\"@type\":\"Organization\",\"@id\":\"https:\/\/avocat-buruian-caracas.ro\/ro\/#organization\",\"name\":\"BURUIAN, CARACAS SI ASOCIATII Societate Civila Profesionala de Avocati\",\"url\":\"https:\/\/avocat-buruian-caracas.ro\/ro\/\",\"logo\":{\"@type\":\"ImageObject\",\"inLanguage\":\"ro-RO\",\"@id\":\"https:\/\/avocat-buruian-caracas.ro\/ro\/#\/schema\/logo\/image\/\",\"url\":\"https:\/\/avocat-buruian-caracas.ro\/wp-content\/uploads\/unnamed-bun.png\",\"contentUrl\":\"https:\/\/avocat-buruian-caracas.ro\/wp-content\/uploads\/unnamed-bun.png\",\"width\":277,\"height\":88,\"caption\":\"BURUIAN, CARACAS SI ASOCIATII Societate Civila Profesionala de Avocati\"},\"image\":{\"@id\":\"https:\/\/avocat-buruian-caracas.ro\/ro\/#\/schema\/logo\/image\/\"},\"sameAs\":[\"https:\/\/www.facebook.com\/buruian.caracas.avocati\/\"]},{\"@type\":\"Person\",\"@id\":\"https:\/\/avocat-buruian-caracas.ro\/ro\/#\/schema\/person\/16e2f667a12e3b89bcb82b5b347ca240\",\"name\":\"SCPA BURUIAN, CARACAS SI ASOCIATII\",\"image\":{\"@type\":\"ImageObject\",\"inLanguage\":\"ro-RO\",\"@id\":\"https:\/\/avocat-buruian-caracas.ro\/ro\/#\/schema\/person\/image\/\",\"url\":\"https:\/\/secure.gravatar.com\/avatar\/a5e95e546884e46564fa0983517c1946?s=96&d=mm&r=g\",\"contentUrl\":\"https:\/\/secure.gravatar.com\/avatar\/a5e95e546884e46564fa0983517c1946?s=96&d=mm&r=g\",\"caption\":\"SCPA BURUIAN, CARACAS SI ASOCIATII\"},\"sameAs\":[\"https:\/\/www.avocat-buruian-caracas.ro\/\"],\"url\":\"https:\/\/avocat-buruian-caracas.ro\/ro\/author\/dbcr\/\"}]}<\/script>\n<!-- \/ Yoast SEO plugin. -->","yoast_head_json":{"title":"Pensiile de stat \u00een str\u0103in\u0103tate - SCPA BURUIAN, CARACA\u0218 \u0218I ASOCIA\u021aII","robots":{"index":"index","follow":"follow","max-snippet":"max-snippet:-1","max-image-preview":"max-image-preview:large","max-video-preview":"max-video-preview:-1"},"canonical":"https:\/\/avocat-buruian-caracas.ro\/ro\/2021\/12\/14\/pensiile-de-stat-in-strainatate\/","og_locale":"ro_RO","og_type":"article","og_title":"Pensiile de stat \u00een str\u0103in\u0103tate - SCPA BURUIAN, CARACA\u0218 \u0218I ASOCIA\u021aII","og_description":"A\u021bi lucrat \u00een mai multe \u021b\u0103ri din UE \u0219i nu \u0219ti\u021bi \u00een care dintre acestea a\u021bi dob\u00e2ndit dreptul la pensie? Iat\u0103 ce trebuie s\u0103 \u0219ti\u021bi! Dup\u0103 ce v-a\u021bi tip\u0103rit cererea de pensionare, urm\u0103torul pas este s\u0103 o \u00eenainta\u021bi casei de pensii din \u021bara \u00een care locui\u021bi sau din ultima \u021bar\u0103 \u00een care a\u021bi muncit. \u00cen [&hellip;]","og_url":"https:\/\/avocat-buruian-caracas.ro\/ro\/2021\/12\/14\/pensiile-de-stat-in-strainatate\/","og_site_name":"SCPA BURUIAN, CARACA\u0218 \u0218I ASOCIA\u021aII","article_publisher":"https:\/\/www.facebook.com\/buruian.caracas.avocati\/","article_published_time":"2021-12-14T15:36:52+00:00","article_modified_time":"2022-02-18T11:51:54+00:00","author":"SCPA BURUIAN, CARACAS SI ASOCIATII","twitter_card":"summary_large_image","twitter_misc":{"Scris de":"SCPA BURUIAN, CARACAS SI ASOCIATII","Timp estimat pentru citire":"6 minute"},"schema":{"@context":"https:\/\/schema.org","@graph":[{"@type":"Article","@id":"https:\/\/avocat-buruian-caracas.ro\/ro\/2021\/12\/14\/pensiile-de-stat-in-strainatate\/#article","isPartOf":{"@id":"https:\/\/avocat-buruian-caracas.ro\/ro\/2021\/12\/14\/pensiile-de-stat-in-strainatate\/"},"author":{"name":"SCPA BURUIAN, CARACAS SI ASOCIATII","@id":"https:\/\/avocat-buruian-caracas.ro\/ro\/#\/schema\/person\/16e2f667a12e3b89bcb82b5b347ca240"},"headline":"Pensiile de stat \u00een str\u0103in\u0103tate","datePublished":"2021-12-14T15:36:52+00:00","dateModified":"2022-02-18T11:51:54+00:00","mainEntityOfPage":{"@id":"https:\/\/avocat-buruian-caracas.ro\/ro\/2021\/12\/14\/pensiile-de-stat-in-strainatate\/"},"wordCount":1203,"publisher":{"@id":"https:\/\/avocat-buruian-caracas.ro\/ro\/#organization"},"articleSection":["Dreptul Muncii"],"inLanguage":"ro-RO"},{"@type":"WebPage","@id":"https:\/\/avocat-buruian-caracas.ro\/ro\/2021\/12\/14\/pensiile-de-stat-in-strainatate\/","url":"https:\/\/avocat-buruian-caracas.ro\/ro\/2021\/12\/14\/pensiile-de-stat-in-strainatate\/","name":"Pensiile de stat \u00een str\u0103in\u0103tate - SCPA BURUIAN, CARACA\u0218 \u0218I ASOCIA\u021aII","isPartOf":{"@id":"https:\/\/avocat-buruian-caracas.ro\/ro\/#website"},"datePublished":"2021-12-14T15:36:52+00:00","dateModified":"2022-02-18T11:51:54+00:00","breadcrumb":{"@id":"https:\/\/avocat-buruian-caracas.ro\/ro\/2021\/12\/14\/pensiile-de-stat-in-strainatate\/#breadcrumb"},"inLanguage":"ro-RO","potentialAction":[{"@type":"ReadAction","target":["https:\/\/avocat-buruian-caracas.ro\/ro\/2021\/12\/14\/pensiile-de-stat-in-strainatate\/"]}]},{"@type":"BreadcrumbList","@id":"https:\/\/avocat-buruian-caracas.ro\/ro\/2021\/12\/14\/pensiile-de-stat-in-strainatate\/#breadcrumb","itemListElement":[{"@type":"ListItem","position":1,"name":"Home","item":"https:\/\/avocat-buruian-caracas.ro\/ro\/"},{"@type":"ListItem","position":2,"name":"Pensiile de stat \u00een str\u0103in\u0103tate"}]},{"@type":"WebSite","@id":"https:\/\/avocat-buruian-caracas.ro\/ro\/#website","url":"https:\/\/avocat-buruian-caracas.ro\/ro\/","name":"SCP BURUIAN, CARACAS SI ASOCIATII","description":"SCPA","publisher":{"@id":"https:\/\/avocat-buruian-caracas.ro\/ro\/#organization"},"potentialAction":[{"@type":"SearchAction","target":{"@type":"EntryPoint","urlTemplate":"https:\/\/avocat-buruian-caracas.ro\/ro\/?s={search_term_string}"},"query-input":"required name=search_term_string"}],"inLanguage":"ro-RO"},{"@type":"Organization","@id":"https:\/\/avocat-buruian-caracas.ro\/ro\/#organization","name":"BURUIAN, CARACAS SI ASOCIATII Societate Civila Profesionala de Avocati","url":"https:\/\/avocat-buruian-caracas.ro\/ro\/","logo":{"@type":"ImageObject","inLanguage":"ro-RO","@id":"https:\/\/avocat-buruian-caracas.ro\/ro\/#\/schema\/logo\/image\/","url":"https:\/\/avocat-buruian-caracas.ro\/wp-content\/uploads\/unnamed-bun.png","contentUrl":"https:\/\/avocat-buruian-caracas.ro\/wp-content\/uploads\/unnamed-bun.png","width":277,"height":88,"caption":"BURUIAN, CARACAS SI ASOCIATII Societate Civila Profesionala de Avocati"},"image":{"@id":"https:\/\/avocat-buruian-caracas.ro\/ro\/#\/schema\/logo\/image\/"},"sameAs":["https:\/\/www.facebook.com\/buruian.caracas.avocati\/"]},{"@type":"Person","@id":"https:\/\/avocat-buruian-caracas.ro\/ro\/#\/schema\/person\/16e2f667a12e3b89bcb82b5b347ca240","name":"SCPA BURUIAN, CARACAS SI ASOCIATII","image":{"@type":"ImageObject","inLanguage":"ro-RO","@id":"https:\/\/avocat-buruian-caracas.ro\/ro\/#\/schema\/person\/image\/","url":"https:\/\/secure.gravatar.com\/avatar\/a5e95e546884e46564fa0983517c1946?s=96&d=mm&r=g","contentUrl":"https:\/\/secure.gravatar.com\/avatar\/a5e95e546884e46564fa0983517c1946?s=96&d=mm&r=g","caption":"SCPA BURUIAN, CARACAS SI ASOCIATII"},"sameAs":["https:\/\/www.avocat-buruian-caracas.ro\/"],"url":"https:\/\/avocat-buruian-caracas.ro\/ro\/author\/dbcr\/"}]}},"_links":{"self":[{"href":"https:\/\/avocat-buruian-caracas.ro\/ro\/wp-json\/wp\/v2\/posts\/1424\/"}],"collection":[{"href":"https:\/\/avocat-buruian-caracas.ro\/ro\/wp-json\/wp\/v2\/posts\/"}],"about":[{"href":"https:\/\/avocat-buruian-caracas.ro\/ro\/wp-json\/wp\/v2\/types\/post\/"}],"author":[{"embeddable":true,"href":"https:\/\/avocat-buruian-caracas.ro\/ro\/wp-json\/wp\/v2\/users\/2\/"}],"replies":[{"embeddable":true,"href":"https:\/\/avocat-buruian-caracas.ro\/ro\/wp-json\/wp\/v2\/comments\/?post=1424"}],"version-history":[{"count":2,"href":"https:\/\/avocat-buruian-caracas.ro\/ro\/wp-json\/wp\/v2\/posts\/1424\/revisions\/"}],"predecessor-version":[{"id":1460,"href":"https:\/\/avocat-buruian-caracas.ro\/ro\/wp-json\/wp\/v2\/posts\/1424\/revisions\/1460\/"}],"wp:attachment":[{"href":"https:\/\/avocat-buruian-caracas.ro\/ro\/wp-json\/wp\/v2\/media\/?parent=1424"}],"wp:term":[{"taxonomy":"category","embeddable":true,"href":"https:\/\/avocat-buruian-caracas.ro\/ro\/wp-json\/wp\/v2\/categories\/?post=1424"},{"taxonomy":"post_tag","embeddable":true,"href":"https:\/\/avocat-buruian-caracas.ro\/ro\/wp-json\/wp\/v2\/tags\/?post=1424"}],"curies":[{"name":"wp","href":"https:\/\/api.w.org\/{rel}","templated":true}]}}