{"id":1384,"date":"2021-05-10T09:25:54","date_gmt":"2021-05-10T07:25:54","guid":{"rendered":"https:\/\/avocat-buruian-caracas.ro\/?p=1384"},"modified":"2022-02-18T13:51:56","modified_gmt":"2022-02-18T11:51:56","slug":"descrierea-insuficienta-a-faptei-in-cuprinsul-procesului-verbal-de-contraventie","status":"publish","type":"post","link":"https:\/\/avocat-buruian-caracas.ro\/ro\/2021\/05\/10\/descrierea-insuficienta-a-faptei-in-cuprinsul-procesului-verbal-de-contraventie\/","title":{"rendered":"DESCRIEREA INSUFICIENT\u0102 A FAPTEI \u00ceN CUPRINSUL PROCESULUI-VERBAL DE CONTRAVEN\u021aIE"},"content":{"rendered":"<p>Potrivit dispozi\u0163iilor art. 16 alin. (1) din Ordonan\u0163a Guvernului nr. 2\/2001, \u201eProcesul-verbal de constatare a contraven\u0163iei va cuprinde \u00een mod obligatoriu: (&#8230;) <em>descrierea faptei contraven\u0163ionale cu indicarea datei, orei \u015fi locului \u00een care a fost s\u0103v\u00e2r\u015fit\u0103, precum \u015fi ar\u0103tarea tuturor \u00eemprejur\u0103rilor ce pot servi la aprecierea gravit\u0103\u0163ii faptei \u015fi la evaluarea eventualelor pagube pricinuite<\/em>\u201d.<\/p>\n<p>Potrivit art. 17 din acela\u015fi act normativ, \u201e<em>Lipsa men\u0163iunilor privind (&#8230;) a faptei s\u0103v\u00e2r\u015fite \u015fi a datei comiterii acesteia sau a semn\u0103turii agentului constatator atrage nulitatea procesului-verbal. Nulitatea se constat\u0103 \u015fi din oficiu<\/em>\u201d.<\/p>\n<p>Astfel, dup\u0103 o interpretare literal\u0103 \u015fi teleologic\u0103 concluzia noastr\u0103 este c\u0103 inten\u0163ia legiuitorului a fost ca, \u00een materie contraven\u0163ional\u0103, s\u0103 reglementeze \u00een mod expres \u015fi cu caracter imperativ care sunt motivele de nulitate relativ\u0103 ce afecteaz\u0103 procesul-verbal de contraven\u0163ie, indic\u00e2ndu-le \u00een cuprinsul art. 16 din actul normativ \u00een discu\u0163ie, precum \u015fi pe cele de nulitate absolut\u0103, \u00een temeiul dispozi\u0163iilor art. 17 din textul citat.<\/p>\n<p>Practic, motivele de nulitate relativ\u0103 ale procesului-verbal de contraven\u021bie sunt reglementate de dispozi\u0163iile art. 16 din Ordonan\u0163a Guvernului nr. 2\/2001 \u015fi motivele de nulitate absolut\u0103 sunt reglementate de dispozi\u0163iile art. 17 din acela\u015fi act normativ.<\/p>\n<p>Sub acest aspect, instan\u0163ele de judecat\u0103 nu pot dep\u0103\u015fi cadrul legal, \u00een sensul realiz\u0103rii unei interpret\u0103ri extensive a textului de lege, av\u00e2nd ca rezultat instituirea unui motiv de nulitate absolut\u0103 virtual\u0103 cu privire la descrierea insuficient\u0103 a faptei contraven\u0163ionale, care ar echivala cu lipsa men\u0163iunii privind fapta s\u0103v\u00e2r\u015fit\u0103, deoarece s-ar ajunge la dep\u0103\u015firea limitelor puterii judec\u0103tore\u015fti.<\/p>\n<p>Mai exact, descrierea insuficient\u0103 a faptei \u00een cuprinsul procesului-verbal de contraven\u0163ie nu echivaleaz\u0103 cu lipsa men\u0163iunilor privind fapta s\u0103v\u00e2r\u015fit\u0103, astfel \u00eenc\u00e2t <u>descrierea incomplet\u0103 a faptei contraven\u0163ionale atrage nulitatea relativ\u0103 a actului de constatare<\/u>, \u00een temeiul dispozi\u0163iilor art. 16 din actul normativ men\u0163ionat.<\/p>\n<p>Din analiza jurispruden\u021bei \u00een materie rezult\u0103 c\u0103 \u00een cursul judec\u0103rii cauzelor, instan\u0163ele de judecat\u0103 au apreciat c\u0103 insuficienta descriere a faptei contraven\u0163ionale nu permite petentului s\u0103 realizeze o ap\u0103rare eficient\u0103 \u00een contradictoriu cu organul constatator, pun\u00e2ndu-l \u00eentr-o situa\u0163ie de inegalitate cu organul administrativ, \u00een ceea ce prive\u015fte posibilitatea combaterii constat\u0103rilor efectuate \u00een cuprinsul procesului-verbal de contraven\u0163ie.<\/p>\n<p>De asemenea s-a re\u0163inut de c\u0103tre instan\u0163ele de judecat\u0103 c\u0103 nu pot realiza controlul de legalitate, dac\u0103 fapta pentru care a fost sanc\u0163ionat petentul nu poate fi identificat\u0103 corespunz\u0103tor, pentru a determina \u00eencadrarea \u00een drept \u015fi sanc\u0163iunea aplicabil\u0103.<\/p>\n<p>Av\u00e2nd \u00een vedere regimul juridic al nulit\u0103\u0163ii relative, precum \u0219i faptul c\u0103 aceasta poate fi invocat\u0103 numai de persoana al c\u0103rei interes a fost nesocotit la emiterea actului contestat, consider\u0103m c\u0103 \u00een cadrul procesului civil, numai petentul este \u00een m\u0103sur\u0103 s\u0103 aprecieze c\u0103, drept urmare a descrierii insuficiente a faptei, nu poate s\u0103 identifice \u00een ce const\u0103 contraven\u0163ia \u015fi s\u0103 combat\u0103 sus\u0163inerile organului constatator.<\/p>\n<p>\u00cen acest context, <u>v\u0103t\u0103marea suferit\u0103 de petent const\u0103 tocmai \u00een punerea acestuia \u00een imposibilitatea de a-\u015fi efectua ap\u0103rarea, v\u0103t\u0103mare ce nu poate fi \u00eenl\u0103turat\u0103 dec\u00e2t prin anularea actului<\/u>, aspect ce trebuie analizat de instan\u0163\u0103, \u00een cadrul fiec\u0103rui litigiu dedus judec\u0103\u0163ii.<\/p>\n<p>Practic, nelegalitatea ce afecteaz\u0103 procesul-verbal de contraven\u0163ie, prin descrierea insuficient\u0103 a faptei, nu este, a\u015fadar, intrinsec\u0103, adic\u0103 nu duce \u00een orice situa\u0163ie la anularea actului respectiv &#8211; aceasta se va \u00eent\u00e2mpla numai dac\u0103 v\u0103t\u0103marea produs\u0103 este de natur\u0103 s\u0103 \u00eempiedice identificarea faptei s\u0103v\u00e2r\u015fite, \u00eencadrarea \u00een drept, sanc\u0163iunea aplicabil\u0103 &#8211; cu consecin\u0163a imposibilit\u0103\u0163ii efectu\u0103rii ap\u0103r\u0103rilor \u00een cadrul procesului judiciar.<\/p>\n","protected":false},"excerpt":{"rendered":"<p>Potrivit dispozi\u0163iilor art. 16 alin. (1) din Ordonan\u0163a Guvernului nr. 2\/2001, \u201eProcesul-verbal de constatare a contraven\u0163iei va cuprinde \u00een mod obligatoriu: (&#8230;) descrierea faptei contraven\u0163ionale cu indicarea datei, orei \u015fi locului \u00een care a fost s\u0103v\u00e2r\u015fit\u0103, precum \u015fi ar\u0103tarea tuturor \u00eemprejur\u0103rilor ce pot servi la aprecierea gravit\u0103\u0163ii faptei \u015fi la evaluarea eventualelor pagube pricinuite\u201d. Potrivit [&hellip;]<\/p>\n","protected":false},"author":2,"featured_media":0,"comment_status":"closed","ping_status":"closed","sticky":false,"template":"","format":"standard","meta":{"footnotes":""},"categories":[22],"tags":[],"yoast_head":"<!-- This site is optimized with the Yoast SEO plugin v21.4 - https:\/\/yoast.com\/wordpress\/plugins\/seo\/ -->\n<title>DESCRIEREA INSUFICIENT\u0102 A FAPTEI \u00ceN CUPRINSUL PROCESULUI-VERBAL DE CONTRAVEN\u021aIE - SCPA BURUIAN, CARACA\u0218 \u0218I ASOCIA\u021aII<\/title>\n<meta name=\"robots\" content=\"index, follow, max-snippet:-1, max-image-preview:large, max-video-preview:-1\" \/>\n<link rel=\"canonical\" href=\"https:\/\/avocat-buruian-caracas.ro\/ro\/2021\/05\/10\/descrierea-insuficienta-a-faptei-in-cuprinsul-procesului-verbal-de-contraventie\/\" \/>\n<meta property=\"og:locale\" content=\"ro_RO\" \/>\n<meta property=\"og:type\" content=\"article\" \/>\n<meta property=\"og:title\" content=\"DESCRIEREA INSUFICIENT\u0102 A FAPTEI \u00ceN CUPRINSUL PROCESULUI-VERBAL DE CONTRAVEN\u021aIE - SCPA BURUIAN, CARACA\u0218 \u0218I ASOCIA\u021aII\" \/>\n<meta property=\"og:description\" content=\"Potrivit dispozi\u0163iilor art. 16 alin. (1) din Ordonan\u0163a Guvernului nr. 2\/2001, \u201eProcesul-verbal de constatare a contraven\u0163iei va cuprinde \u00een mod obligatoriu: (&#8230;) descrierea faptei contraven\u0163ionale cu indicarea datei, orei \u015fi locului \u00een care a fost s\u0103v\u00e2r\u015fit\u0103, precum \u015fi ar\u0103tarea tuturor \u00eemprejur\u0103rilor ce pot servi la aprecierea gravit\u0103\u0163ii faptei \u015fi la evaluarea eventualelor pagube pricinuite\u201d. Potrivit [&hellip;]\" \/>\n<meta property=\"og:url\" content=\"https:\/\/avocat-buruian-caracas.ro\/ro\/2021\/05\/10\/descrierea-insuficienta-a-faptei-in-cuprinsul-procesului-verbal-de-contraventie\/\" \/>\n<meta property=\"og:site_name\" content=\"SCPA BURUIAN, CARACA\u0218 \u0218I ASOCIA\u021aII\" \/>\n<meta property=\"article:publisher\" content=\"https:\/\/www.facebook.com\/buruian.caracas.avocati\/\" \/>\n<meta property=\"article:published_time\" content=\"2021-05-10T07:25:54+00:00\" \/>\n<meta property=\"article:modified_time\" content=\"2022-02-18T11:51:56+00:00\" \/>\n<meta name=\"author\" content=\"SCPA BURUIAN, CARACAS SI ASOCIATII\" \/>\n<meta name=\"twitter:card\" content=\"summary_large_image\" \/>\n<meta name=\"twitter:label1\" content=\"Scris de\" \/>\n\t<meta name=\"twitter:data1\" content=\"SCPA BURUIAN, CARACAS SI ASOCIATII\" \/>\n\t<meta name=\"twitter:label2\" content=\"Timp estimat pentru citire\" \/>\n\t<meta name=\"twitter:data2\" content=\"3 minute\" \/>\n<script type=\"application\/ld+json\" class=\"yoast-schema-graph\">{\"@context\":\"https:\/\/schema.org\",\"@graph\":[{\"@type\":\"Article\",\"@id\":\"https:\/\/avocat-buruian-caracas.ro\/ro\/2021\/05\/10\/descrierea-insuficienta-a-faptei-in-cuprinsul-procesului-verbal-de-contraventie\/#article\",\"isPartOf\":{\"@id\":\"https:\/\/avocat-buruian-caracas.ro\/ro\/2021\/05\/10\/descrierea-insuficienta-a-faptei-in-cuprinsul-procesului-verbal-de-contraventie\/\"},\"author\":{\"name\":\"SCPA BURUIAN, CARACAS SI ASOCIATII\",\"@id\":\"https:\/\/avocat-buruian-caracas.ro\/ro\/#\/schema\/person\/16e2f667a12e3b89bcb82b5b347ca240\"},\"headline\":\"DESCRIEREA INSUFICIENT\u0102 A FAPTEI \u00ceN CUPRINSUL PROCESULUI-VERBAL DE CONTRAVEN\u021aIE\",\"datePublished\":\"2021-05-10T07:25:54+00:00\",\"dateModified\":\"2022-02-18T11:51:56+00:00\",\"mainEntityOfPage\":{\"@id\":\"https:\/\/avocat-buruian-caracas.ro\/ro\/2021\/05\/10\/descrierea-insuficienta-a-faptei-in-cuprinsul-procesului-verbal-de-contraventie\/\"},\"wordCount\":635,\"publisher\":{\"@id\":\"https:\/\/avocat-buruian-caracas.ro\/ro\/#organization\"},\"articleSection\":[\"Drept Contraven\u021bional\"],\"inLanguage\":\"ro-RO\"},{\"@type\":\"WebPage\",\"@id\":\"https:\/\/avocat-buruian-caracas.ro\/ro\/2021\/05\/10\/descrierea-insuficienta-a-faptei-in-cuprinsul-procesului-verbal-de-contraventie\/\",\"url\":\"https:\/\/avocat-buruian-caracas.ro\/ro\/2021\/05\/10\/descrierea-insuficienta-a-faptei-in-cuprinsul-procesului-verbal-de-contraventie\/\",\"name\":\"DESCRIEREA INSUFICIENT\u0102 A FAPTEI \u00ceN CUPRINSUL PROCESULUI-VERBAL DE CONTRAVEN\u021aIE - SCPA BURUIAN, CARACA\u0218 \u0218I ASOCIA\u021aII\",\"isPartOf\":{\"@id\":\"https:\/\/avocat-buruian-caracas.ro\/ro\/#website\"},\"datePublished\":\"2021-05-10T07:25:54+00:00\",\"dateModified\":\"2022-02-18T11:51:56+00:00\",\"breadcrumb\":{\"@id\":\"https:\/\/avocat-buruian-caracas.ro\/ro\/2021\/05\/10\/descrierea-insuficienta-a-faptei-in-cuprinsul-procesului-verbal-de-contraventie\/#breadcrumb\"},\"inLanguage\":\"ro-RO\",\"potentialAction\":[{\"@type\":\"ReadAction\",\"target\":[\"https:\/\/avocat-buruian-caracas.ro\/ro\/2021\/05\/10\/descrierea-insuficienta-a-faptei-in-cuprinsul-procesului-verbal-de-contraventie\/\"]}]},{\"@type\":\"BreadcrumbList\",\"@id\":\"https:\/\/avocat-buruian-caracas.ro\/ro\/2021\/05\/10\/descrierea-insuficienta-a-faptei-in-cuprinsul-procesului-verbal-de-contraventie\/#breadcrumb\",\"itemListElement\":[{\"@type\":\"ListItem\",\"position\":1,\"name\":\"Home\",\"item\":\"https:\/\/avocat-buruian-caracas.ro\/ro\/\"},{\"@type\":\"ListItem\",\"position\":2,\"name\":\"DESCRIEREA INSUFICIENT\u0102 A FAPTEI \u00ceN CUPRINSUL PROCESULUI-VERBAL DE CONTRAVEN\u021aIE\"}]},{\"@type\":\"WebSite\",\"@id\":\"https:\/\/avocat-buruian-caracas.ro\/ro\/#website\",\"url\":\"https:\/\/avocat-buruian-caracas.ro\/ro\/\",\"name\":\"SCP BURUIAN, CARACAS SI ASOCIATII\",\"description\":\"SCPA\",\"publisher\":{\"@id\":\"https:\/\/avocat-buruian-caracas.ro\/ro\/#organization\"},\"potentialAction\":[{\"@type\":\"SearchAction\",\"target\":{\"@type\":\"EntryPoint\",\"urlTemplate\":\"https:\/\/avocat-buruian-caracas.ro\/ro\/?s={search_term_string}\"},\"query-input\":\"required name=search_term_string\"}],\"inLanguage\":\"ro-RO\"},{\"@type\":\"Organization\",\"@id\":\"https:\/\/avocat-buruian-caracas.ro\/ro\/#organization\",\"name\":\"BURUIAN, CARACAS SI ASOCIATII Societate Civila Profesionala de Avocati\",\"url\":\"https:\/\/avocat-buruian-caracas.ro\/ro\/\",\"logo\":{\"@type\":\"ImageObject\",\"inLanguage\":\"ro-RO\",\"@id\":\"https:\/\/avocat-buruian-caracas.ro\/ro\/#\/schema\/logo\/image\/\",\"url\":\"https:\/\/avocat-buruian-caracas.ro\/wp-content\/uploads\/unnamed-bun.png\",\"contentUrl\":\"https:\/\/avocat-buruian-caracas.ro\/wp-content\/uploads\/unnamed-bun.png\",\"width\":277,\"height\":88,\"caption\":\"BURUIAN, CARACAS SI ASOCIATII Societate Civila Profesionala de Avocati\"},\"image\":{\"@id\":\"https:\/\/avocat-buruian-caracas.ro\/ro\/#\/schema\/logo\/image\/\"},\"sameAs\":[\"https:\/\/www.facebook.com\/buruian.caracas.avocati\/\"]},{\"@type\":\"Person\",\"@id\":\"https:\/\/avocat-buruian-caracas.ro\/ro\/#\/schema\/person\/16e2f667a12e3b89bcb82b5b347ca240\",\"name\":\"SCPA BURUIAN, CARACAS SI ASOCIATII\",\"image\":{\"@type\":\"ImageObject\",\"inLanguage\":\"ro-RO\",\"@id\":\"https:\/\/avocat-buruian-caracas.ro\/ro\/#\/schema\/person\/image\/\",\"url\":\"https:\/\/secure.gravatar.com\/avatar\/a5e95e546884e46564fa0983517c1946?s=96&d=mm&r=g\",\"contentUrl\":\"https:\/\/secure.gravatar.com\/avatar\/a5e95e546884e46564fa0983517c1946?s=96&d=mm&r=g\",\"caption\":\"SCPA BURUIAN, CARACAS SI ASOCIATII\"},\"sameAs\":[\"https:\/\/www.avocat-buruian-caracas.ro\/\"],\"url\":\"https:\/\/avocat-buruian-caracas.ro\/ro\/author\/dbcr\/\"}]}<\/script>\n<!-- \/ Yoast SEO plugin. -->","yoast_head_json":{"title":"DESCRIEREA INSUFICIENT\u0102 A FAPTEI \u00ceN CUPRINSUL PROCESULUI-VERBAL DE CONTRAVEN\u021aIE - SCPA BURUIAN, CARACA\u0218 \u0218I ASOCIA\u021aII","robots":{"index":"index","follow":"follow","max-snippet":"max-snippet:-1","max-image-preview":"max-image-preview:large","max-video-preview":"max-video-preview:-1"},"canonical":"https:\/\/avocat-buruian-caracas.ro\/ro\/2021\/05\/10\/descrierea-insuficienta-a-faptei-in-cuprinsul-procesului-verbal-de-contraventie\/","og_locale":"ro_RO","og_type":"article","og_title":"DESCRIEREA INSUFICIENT\u0102 A FAPTEI \u00ceN CUPRINSUL PROCESULUI-VERBAL DE CONTRAVEN\u021aIE - SCPA BURUIAN, CARACA\u0218 \u0218I ASOCIA\u021aII","og_description":"Potrivit dispozi\u0163iilor art. 16 alin. (1) din Ordonan\u0163a Guvernului nr. 2\/2001, \u201eProcesul-verbal de constatare a contraven\u0163iei va cuprinde \u00een mod obligatoriu: (&#8230;) descrierea faptei contraven\u0163ionale cu indicarea datei, orei \u015fi locului \u00een care a fost s\u0103v\u00e2r\u015fit\u0103, precum \u015fi ar\u0103tarea tuturor \u00eemprejur\u0103rilor ce pot servi la aprecierea gravit\u0103\u0163ii faptei \u015fi la evaluarea eventualelor pagube pricinuite\u201d. Potrivit [&hellip;]","og_url":"https:\/\/avocat-buruian-caracas.ro\/ro\/2021\/05\/10\/descrierea-insuficienta-a-faptei-in-cuprinsul-procesului-verbal-de-contraventie\/","og_site_name":"SCPA BURUIAN, CARACA\u0218 \u0218I ASOCIA\u021aII","article_publisher":"https:\/\/www.facebook.com\/buruian.caracas.avocati\/","article_published_time":"2021-05-10T07:25:54+00:00","article_modified_time":"2022-02-18T11:51:56+00:00","author":"SCPA BURUIAN, CARACAS SI ASOCIATII","twitter_card":"summary_large_image","twitter_misc":{"Scris de":"SCPA BURUIAN, CARACAS SI ASOCIATII","Timp estimat pentru citire":"3 minute"},"schema":{"@context":"https:\/\/schema.org","@graph":[{"@type":"Article","@id":"https:\/\/avocat-buruian-caracas.ro\/ro\/2021\/05\/10\/descrierea-insuficienta-a-faptei-in-cuprinsul-procesului-verbal-de-contraventie\/#article","isPartOf":{"@id":"https:\/\/avocat-buruian-caracas.ro\/ro\/2021\/05\/10\/descrierea-insuficienta-a-faptei-in-cuprinsul-procesului-verbal-de-contraventie\/"},"author":{"name":"SCPA BURUIAN, CARACAS SI ASOCIATII","@id":"https:\/\/avocat-buruian-caracas.ro\/ro\/#\/schema\/person\/16e2f667a12e3b89bcb82b5b347ca240"},"headline":"DESCRIEREA INSUFICIENT\u0102 A FAPTEI \u00ceN CUPRINSUL PROCESULUI-VERBAL DE CONTRAVEN\u021aIE","datePublished":"2021-05-10T07:25:54+00:00","dateModified":"2022-02-18T11:51:56+00:00","mainEntityOfPage":{"@id":"https:\/\/avocat-buruian-caracas.ro\/ro\/2021\/05\/10\/descrierea-insuficienta-a-faptei-in-cuprinsul-procesului-verbal-de-contraventie\/"},"wordCount":635,"publisher":{"@id":"https:\/\/avocat-buruian-caracas.ro\/ro\/#organization"},"articleSection":["Drept Contraven\u021bional"],"inLanguage":"ro-RO"},{"@type":"WebPage","@id":"https:\/\/avocat-buruian-caracas.ro\/ro\/2021\/05\/10\/descrierea-insuficienta-a-faptei-in-cuprinsul-procesului-verbal-de-contraventie\/","url":"https:\/\/avocat-buruian-caracas.ro\/ro\/2021\/05\/10\/descrierea-insuficienta-a-faptei-in-cuprinsul-procesului-verbal-de-contraventie\/","name":"DESCRIEREA INSUFICIENT\u0102 A FAPTEI \u00ceN CUPRINSUL PROCESULUI-VERBAL DE CONTRAVEN\u021aIE - SCPA BURUIAN, CARACA\u0218 \u0218I ASOCIA\u021aII","isPartOf":{"@id":"https:\/\/avocat-buruian-caracas.ro\/ro\/#website"},"datePublished":"2021-05-10T07:25:54+00:00","dateModified":"2022-02-18T11:51:56+00:00","breadcrumb":{"@id":"https:\/\/avocat-buruian-caracas.ro\/ro\/2021\/05\/10\/descrierea-insuficienta-a-faptei-in-cuprinsul-procesului-verbal-de-contraventie\/#breadcrumb"},"inLanguage":"ro-RO","potentialAction":[{"@type":"ReadAction","target":["https:\/\/avocat-buruian-caracas.ro\/ro\/2021\/05\/10\/descrierea-insuficienta-a-faptei-in-cuprinsul-procesului-verbal-de-contraventie\/"]}]},{"@type":"BreadcrumbList","@id":"https:\/\/avocat-buruian-caracas.ro\/ro\/2021\/05\/10\/descrierea-insuficienta-a-faptei-in-cuprinsul-procesului-verbal-de-contraventie\/#breadcrumb","itemListElement":[{"@type":"ListItem","position":1,"name":"Home","item":"https:\/\/avocat-buruian-caracas.ro\/ro\/"},{"@type":"ListItem","position":2,"name":"DESCRIEREA INSUFICIENT\u0102 A FAPTEI \u00ceN CUPRINSUL PROCESULUI-VERBAL DE CONTRAVEN\u021aIE"}]},{"@type":"WebSite","@id":"https:\/\/avocat-buruian-caracas.ro\/ro\/#website","url":"https:\/\/avocat-buruian-caracas.ro\/ro\/","name":"SCP BURUIAN, CARACAS SI ASOCIATII","description":"SCPA","publisher":{"@id":"https:\/\/avocat-buruian-caracas.ro\/ro\/#organization"},"potentialAction":[{"@type":"SearchAction","target":{"@type":"EntryPoint","urlTemplate":"https:\/\/avocat-buruian-caracas.ro\/ro\/?s={search_term_string}"},"query-input":"required name=search_term_string"}],"inLanguage":"ro-RO"},{"@type":"Organization","@id":"https:\/\/avocat-buruian-caracas.ro\/ro\/#organization","name":"BURUIAN, CARACAS SI ASOCIATII Societate Civila Profesionala de Avocati","url":"https:\/\/avocat-buruian-caracas.ro\/ro\/","logo":{"@type":"ImageObject","inLanguage":"ro-RO","@id":"https:\/\/avocat-buruian-caracas.ro\/ro\/#\/schema\/logo\/image\/","url":"https:\/\/avocat-buruian-caracas.ro\/wp-content\/uploads\/unnamed-bun.png","contentUrl":"https:\/\/avocat-buruian-caracas.ro\/wp-content\/uploads\/unnamed-bun.png","width":277,"height":88,"caption":"BURUIAN, CARACAS SI ASOCIATII Societate Civila Profesionala de Avocati"},"image":{"@id":"https:\/\/avocat-buruian-caracas.ro\/ro\/#\/schema\/logo\/image\/"},"sameAs":["https:\/\/www.facebook.com\/buruian.caracas.avocati\/"]},{"@type":"Person","@id":"https:\/\/avocat-buruian-caracas.ro\/ro\/#\/schema\/person\/16e2f667a12e3b89bcb82b5b347ca240","name":"SCPA BURUIAN, CARACAS SI ASOCIATII","image":{"@type":"ImageObject","inLanguage":"ro-RO","@id":"https:\/\/avocat-buruian-caracas.ro\/ro\/#\/schema\/person\/image\/","url":"https:\/\/secure.gravatar.com\/avatar\/a5e95e546884e46564fa0983517c1946?s=96&d=mm&r=g","contentUrl":"https:\/\/secure.gravatar.com\/avatar\/a5e95e546884e46564fa0983517c1946?s=96&d=mm&r=g","caption":"SCPA BURUIAN, CARACAS SI ASOCIATII"},"sameAs":["https:\/\/www.avocat-buruian-caracas.ro\/"],"url":"https:\/\/avocat-buruian-caracas.ro\/ro\/author\/dbcr\/"}]}},"_links":{"self":[{"href":"https:\/\/avocat-buruian-caracas.ro\/ro\/wp-json\/wp\/v2\/posts\/1384\/"}],"collection":[{"href":"https:\/\/avocat-buruian-caracas.ro\/ro\/wp-json\/wp\/v2\/posts\/"}],"about":[{"href":"https:\/\/avocat-buruian-caracas.ro\/ro\/wp-json\/wp\/v2\/types\/post\/"}],"author":[{"embeddable":true,"href":"https:\/\/avocat-buruian-caracas.ro\/ro\/wp-json\/wp\/v2\/users\/2\/"}],"replies":[{"embeddable":true,"href":"https:\/\/avocat-buruian-caracas.ro\/ro\/wp-json\/wp\/v2\/comments\/?post=1384"}],"version-history":[{"count":1,"href":"https:\/\/avocat-buruian-caracas.ro\/ro\/wp-json\/wp\/v2\/posts\/1384\/revisions\/"}],"predecessor-version":[{"id":1385,"href":"https:\/\/avocat-buruian-caracas.ro\/ro\/wp-json\/wp\/v2\/posts\/1384\/revisions\/1385\/"}],"wp:attachment":[{"href":"https:\/\/avocat-buruian-caracas.ro\/ro\/wp-json\/wp\/v2\/media\/?parent=1384"}],"wp:term":[{"taxonomy":"category","embeddable":true,"href":"https:\/\/avocat-buruian-caracas.ro\/ro\/wp-json\/wp\/v2\/categories\/?post=1384"},{"taxonomy":"post_tag","embeddable":true,"href":"https:\/\/avocat-buruian-caracas.ro\/ro\/wp-json\/wp\/v2\/tags\/?post=1384"}],"curies":[{"name":"wp","href":"https:\/\/api.w.org\/{rel}","templated":true}]}}