{"id":1128,"date":"2020-03-23T12:59:41","date_gmt":"2020-03-23T10:59:41","guid":{"rendered":"https:\/\/avocat-buruian-caracas.ro\/?p=1128"},"modified":"2022-02-18T13:51:57","modified_gmt":"2022-02-18T11:51:57","slug":"starea-de-urgenta-in-romania-masuri-de-prima-urgenta-in-domeniul-juridic","status":"publish","type":"post","link":"https:\/\/avocat-buruian-caracas.ro\/ro\/2020\/03\/23\/starea-de-urgenta-in-romania-masuri-de-prima-urgenta-in-domeniul-juridic\/","title":{"rendered":"STAREA DE URGEN\u021a\u0102 \u00ceN ROM\u00c2NIA. M\u0102SURI DE PRIM\u0102 URGEN\u021a\u0102 \u00ceN DOMENIUL JURIDIC"},"content":{"rendered":"<p>&nbsp;<\/p>\n<p>&nbsp;<\/p>\n<p><u>Dispozi\u021bii privind litigiile civile<\/u><\/p>\n<p>Potrivit Decretului 195\/2020 privind instituirea st\u0103rii de urgen\u021b\u0103 pe teritoriu Rom\u00e2niei, prescrip\u021biile \u0219i termenele de dec\u0103dere de orice fel NU \u00eencep s\u0103 curg\u0103, iar dac\u0103 au \u00eenceput s\u0103 curg\u0103, se suspend\u0103 pe toat\u0103 durata st\u0103rii de urgen\u021b\u0103.<\/p>\n<p>\u00cen raport de modalitatea de reglementare, \u00eentreruperea termenului de prescrip\u021bie vizeaz\u0103 at\u00e2t prescrip\u021bia dreptului material la ac\u021biune, c\u00e2t \u0219i prescrip\u021bia execut\u0103rii silite\u00a0 \u00een materie civil\u0103.<\/p>\n<p>Suspendarea termenelor de prescrip\u021bie se aplic\u0103 \u0219i \u00een materia execut\u0103rii silite.<\/p>\n<p>De asemenea, suspendarea prescrip\u021biilor \u0219i a termenelor de dec\u0103dere se aplic\u0103 \u00een toate domeniile \u00een care dreptul civil este dreptul comun, respectiv: drept administrativ, inclusiv achizi\u021bii publice, \u00een materie de insolven\u021b\u0103\/faliment, dreptul muncii etc.<\/p>\n<p>Pe durata st\u0103rii de urgen\u021b\u0103, activitatea de judecat\u0103 continu\u0103 numai \u00een cauzele de urgen\u021b\u0103 deosebit\u0103. Lista acestor cauze se stabile\u0219te de colegiul de conducere al \u00cenaltei Cur\u021bi de Casa\u021bie \u0219i Justi\u021bie pentru cauzele de competen\u021ba acesteia \u0219i, respectiv, de colegiile de conducere ale cur\u021bilor de apel pentru cauzele de competen\u021ba lor \u0219i pentru cauzele de competen\u021ba instan\u021belor care func\u021bioneaz\u0103 \u00een circumscrip\u021bia lor teritorial\u0103. Pentru judecarea proceselor \u00een care se stabile\u015fte c\u0103 exist\u0103 urgen\u0163\u0103 deosebit\u0103, instan\u021bele pot fixa termene scurte, inclusiv de la o zi la alta sau chiar \u00een aceea\u0219i zi. C\u00e2nd este posibil, instan\u021bele judec\u0103tore\u0219ti dispun m\u0103surile necesare pentru desf\u0103\u0219urarea \u0219edin\u021bei de judecat\u0103 prin videoconferin\u021b\u0103 \u0219i procedeaz\u0103 la comunicarea actelor de procedur\u0103 prin fax, po\u0219t\u0103 electronic\u0103 sau prin alte mijloace ce asigur\u0103 transmiterea textului actului \u0219i confirmarea primirii acestuia.<\/p>\n<p>Judecarea proceselor civile, altele dec\u00e2t cele stabilite a fi de urgen\u0163\u0103 deosebit\u0103, se suspend\u0103 de plin drept pe durata st\u0103rii de urgen\u021b\u0103 instituite prin acesta. Termenele de exercitare a c\u0103ilor de atac \u00een aceste cauze se \u00eentrerup, urm\u00e2nd a curge noi termene, de aceea\u0219i durat\u0103, de la data \u00eencet\u0103rii st\u0103rii de urgen\u021b\u0103. Dup\u0103 \u00eencetarea st\u0103rii de urgen\u021b\u0103, judecarea proceselor suspendate se reia din oficiu iar \u00een termen de 10 zile de la \u00eencetarea st\u0103rii de urgen\u021b\u0103, instan\u021ba de judecat\u0103 va lua m\u0103suri pentru fixarea termenelor de judecat\u0103 \u0219i citarea p\u0103r\u021bilor.<\/p>\n<p>Activitatea de executare silit\u0103 continu\u0103 numai \u00een cazurile \u00een care este posibil\u0103 respectarea regulilor de disciplin\u0103 sanitar\u0103 stabilite prin hot\u0103r\u00e2rile Comitetului Na\u021bional privind Situa\u021biile Speciale de Urgen\u021b\u0103.<\/p>\n<p><u>\u00a0<\/u><\/p>\n<p><u>Dispozi\u0163ii privind procesele penale<\/u><\/p>\n<p>Activitatea de urm\u0103rire penal\u0103 \u0219i cea a judec\u0103torilor de drepturi \u0219i libert\u0103\u021bi se va desf\u0103\u0219ura numai cu privire la:<\/p>\n<p>&#8211; cauzele \u00een care s-au dispus ori se propune luarea m\u0103surilor preventive ori a celor de protec\u021bie a victimelor \u0219i martorilor, cele privind aplicarea provizorie a m\u0103surilor de siguran\u021b\u0103 cu caracter medical, cele cu persoane v\u0103t\u0103mate minori;<\/p>\n<p>&#8211; actele \u0219i m\u0103surile de urm\u0103rire penal\u0103 a c\u0103ror am\u00e2nare ar pune \u00een pericol ob\u021binerea probelor sau prinderea suspectului sau a inculpatului, precum \u0219i cele privind audierea anticipat\u0103;<\/p>\n<p>&#8211; cauzele \u00een care urgen\u021ba se justific\u0103 prin scopul instituirii st\u0103rii de urgen\u021b\u0103 la nivel na\u021bional, alte cauze urgente apreciate ca atare de c\u0103tre procurorul care supravegheaz\u0103 sau efectueaz\u0103 urm\u0103rirea penal\u0103.<\/p>\n<p>Cauzele aflate pe rolul instan\u021belor de judecat\u0103, inclusiv cele aflate \u00een procedura de camer\u0103 preliminar\u0103, se suspend\u0103 de drept pe durata st\u0103rii de urgen\u021b\u0103, cu excep\u021bia celor:<\/p>\n<p>\u2013 \u00een care urgen\u021ba se justific\u0103 prin scopul instituirii st\u0103rii de urgen\u021b\u0103 la nivel na\u021bional, apreciate ca atare de judec\u0103tor sau instan\u021ba de judecat\u0103,<\/p>\n<p>\u2013 privind infrac\u021biunile flagrante,<\/p>\n<p>\u2013 \u00een care au fost dispuse m\u0103suri preventive,<\/p>\n<p>\u2013 referitoare la contesta\u021bii \u00eempotriva m\u0103surilor asiguratorii,<\/p>\n<p>\u2013 privind cooperarea judiciar\u0103 interna\u021bional\u0103 \u00een materie penal\u0103, cum ar fi cele viz\u00e2nd extr\u0103darea sau executarea mandatului european de arestare ori alte instrumente judiciare stabilite prin legisla\u0163ia UE sau tratate interna\u0163ionale,<\/p>\n<p>\u2013 ce cuprind m\u0103suri de protec\u021bie a victimelor \u0219i a martorilor,<\/p>\n<p>\u2013 privind aplicarea provizorie a m\u0103surilor de siguran\u021b\u0103 cu caracter medical,<\/p>\n<p>\u2013 privind infrac\u021biuni contra securit\u0103\u021bii na\u021bionale,<\/p>\n<p>\u2013 privind acte de terorism sau de sp\u0103lare a banilor;<\/p>\n<p>Pe durata st\u0103rii de urgen\u0163\u0103, termenele de comunicare a solu\u021biilor, de formulare \u0219i solu\u021bionare a pl\u00e2ngerilor, altele dec\u00e2t cele a c\u0103ror urm\u0103rire penal\u0103 continu\u0103, se \u00eentrerup, urm\u00e2nd ca de la data \u00eencet\u0103rii st\u0103rii de urgen\u021b\u0103 s\u0103 \u00eenceap\u0103 s\u0103 curg\u0103 un nou termen, de aceea\u0219i durat\u0103.<\/p>\n<p>Termenele de exercitare a c\u0103ilor de atac \u00een cauzele penale, cu excep\u021bia proceselor ce se vor judeca potrivit Decretului 195\/2020, se \u00eentrerup, urm\u00e2nd ca de la data \u00eencet\u0103rii st\u0103rii de urgen\u021b\u0103 s\u0103 \u00eenceap\u0103 s\u0103 curg\u0103 un nou termen, de aceea\u0219i durat\u0103.<\/p>\n<p>Dup\u0103 \u00eencetarea st\u0103rii de urgen\u021b\u0103, judecarea proceselor suspendate se reia din oficiu iar \u00een termen de 10 zile de la \u00eencetarea st\u0103rii de urgen\u021b\u0103, instan\u021ba de judecat\u0103 va lua m\u0103suri pentru fixarea termenelor de judecat\u0103 \u0219i citarea p\u0103r\u021bilor.<\/p>\n<p>De asemenea, \u00een cauzele \u00een care nu se efectueaz\u0103 acte de urm\u0103rire penal\u0103 sau procesul penal este suspendat potrivit Decretului 195\/2002, prescrip\u021bia r\u0103spunderii penale se suspend\u0103.<\/p>\n<p>Suspendarea termenului de prescrip\u0163ie a r\u0103spunderii penale opereaz\u0103 at\u00e2t cu privire la prescrip\u0163ia simpl\u0103 c\u00e2t \u015fi cu privire la prescrip\u0163ia special\u0103, ambele fiind suspendate p\u00e2n\u0103 la \u00eencetarea st\u0103rii de urgen\u0163\u0103.<\/p>\n<p><u>Activitatea Oficiului Na\u0163ional al Registrului Comer\u0163ului<\/u><\/p>\n<p>Pe durata st\u0103rii de urgen\u0163\u0103, Oficiul Na\u0163ional al Registrului Comer\u0163ului \u015fi unit\u0103\u0163ile din teritoriu \u00ee\u015fi vor continua activitatea de \u00eenregistrare a men\u0163iunilor privind persoanele juridice \u015fi fizice \u00eenregistrate \u00een registrul comer\u0163ului strict \u00een mediul online, prin mijloace electronice. Procedura implic\u0103 transmiterea pe cale electronic\u0103 a cererilor de \u00eenregistrare, cu ata\u015farea documentelor la aceasta dac\u0103 e cazul, av\u00e2nd \u00eencorporate, ata\u015fate sau logic asociate semn\u0103tura electronic\u0103 extins\u0103.<\/p>\n<p>Copiile de pe \u00eenregistr\u0103rile efectuate \u015fi de pe actele furnizate de solicitan\u0163i, precum \u015fi informa\u0163ii despre datele \u00eenregistrate ori certificatele constatoare se elibereaz\u0103, la cerere, tot pe cale electronic\u0103.<\/p>\n<p>Practic, activitatea propriu-zis\u0103 a Oficiului Na\u0163ional al Registrului Comer\u0163ului este restr\u00e2ns\u0103, neput\u00e2nd fi efectuate acele activit\u0103\u021bi care implic\u0103 depunerea de acte \u00een original precum declara\u0163ii pe proprie r\u0103spundere, specimene de semn\u0103tur\u0103 etc.<\/p>\n<p>Practic, interac\u0163iunea cu angaja\u0163ii institu\u0163iei se va realiza exclusiv pe cale electronic\u0103, iar cea fizic\u0103 de orice fel la sediul central ori la cele din \u0163ar\u0103 nu va fi permis\u0103.<\/p>\n<p>Totodat\u0103, solicitan\u0163ii vor trebui s\u0103 ob\u0163in\u0103 semn\u0103tura electronic\u0103 extins\u0103 \u00een vederea conform\u0103rii cu noile cerin\u0163e procedurale.<\/p>\n<p>Pe durata st\u0103rii de urgen\u0163\u0103, <u>\u00een executarea pedepselor \u0219i a m\u0103surilor privative de libertate<\/u>, se suspend\u0103 exercitarea dreptului de a:<\/p>\n<p>&#8211; primi vizite;<\/p>\n<p>&#8211; de a beneficia de vizit\u0103 intima;<\/p>\n<p>&#8211; de a primi bunuri prin sectorul vizit\u0103;<\/p>\n<p>&#8211; recompensele const\u00e2nd \u00een permisiunea de ie\u0219ire din penitenciar.<\/p>\n<p>Pentru men\u021binerea leg\u0103turii cu mediul suport se majoreaz\u0103 durata \u0219i num\u0103rul de convorbiri pentru persoanele condamnate aflate \u00een regimul de maxim\u0103 siguran\u021b\u0103, la maximum 45 minute pe zi, iar pentru cele aflate \u00een regim \u00eenchis, semideschis, deschis, regim provizoriu sau pentru cei care nu au regimul stabilit \u00eenc\u0103, la maximum 75 minute pe zi.<\/p>\n<p>\u00cen <u>executarea pedepselor \u015fi a m\u0103surilor educative neprivative de libertate<\/u>, executarea supravegherii prin prezentarea persoanei la serviciul de proba\u0163iune, primirea vizitelor consilierului de proba\u0163iune, precum \u015fi obliga\u0163iile de a presta o munc\u0103 neremunerat\u0103 \u00een folosul comunit\u0103\u0163ii, de a urma un curs de preg\u0103tire \u015fcolar\u0103 ori de calificare profesional\u0103, de a frecventa unul sau mai multe programe de reintegrare social\u0103, respectiv prestarea unei munci neremunerate \u00een folosul comunit\u0103\u0163ii rezultat\u0103 din \u00eenlocuirea amenzii penale se suspend\u0103 pe durata st\u0103rii de urgen\u0163\u0103.<\/p>\n<p>Pentru situa\u0163iile \u00een care termenul de supraveghere, durata supravegherii sau durata m\u0103surii educative neprivative de libertate s-a \u00eemplinit \u00een timpul st\u0103rii de urgen\u0163\u0103, \u00een raportul final se face men\u0163iune despre imposibilitatea obiectiv\u0103 de executare.<\/p>\n","protected":false},"excerpt":{"rendered":"<p>&nbsp; &nbsp; Dispozi\u021bii privind litigiile civile Potrivit Decretului 195\/2020 privind instituirea st\u0103rii de urgen\u021b\u0103 pe teritoriu Rom\u00e2niei, prescrip\u021biile \u0219i termenele de dec\u0103dere de orice fel NU \u00eencep s\u0103 curg\u0103, iar dac\u0103 au \u00eenceput s\u0103 curg\u0103, se suspend\u0103 pe toat\u0103 durata st\u0103rii de urgen\u021b\u0103. \u00cen raport de modalitatea de reglementare, \u00eentreruperea termenului de prescrip\u021bie vizeaz\u0103 at\u00e2t [&hellip;]<\/p>\n","protected":false},"author":2,"featured_media":0,"comment_status":"closed","ping_status":"closed","sticky":false,"template":"","format":"standard","meta":{"footnotes":""},"categories":[22,19,20],"tags":[],"yoast_head":"<!-- This site is optimized with the Yoast SEO plugin v21.4 - https:\/\/yoast.com\/wordpress\/plugins\/seo\/ -->\n<title>STAREA DE URGEN\u021a\u0102 \u00ceN ROM\u00c2NIA. M\u0102SURI DE PRIM\u0102 URGEN\u021a\u0102 \u00ceN DOMENIUL JURIDIC - SCPA BURUIAN, CARACA\u0218 \u0218I ASOCIA\u021aII<\/title>\n<meta name=\"robots\" content=\"index, follow, max-snippet:-1, max-image-preview:large, max-video-preview:-1\" \/>\n<link rel=\"canonical\" href=\"https:\/\/avocat-buruian-caracas.ro\/ro\/2020\/03\/23\/starea-de-urgenta-in-romania-masuri-de-prima-urgenta-in-domeniul-juridic\/\" \/>\n<meta property=\"og:locale\" content=\"ro_RO\" \/>\n<meta property=\"og:type\" content=\"article\" \/>\n<meta property=\"og:title\" content=\"STAREA DE URGEN\u021a\u0102 \u00ceN ROM\u00c2NIA. M\u0102SURI DE PRIM\u0102 URGEN\u021a\u0102 \u00ceN DOMENIUL JURIDIC - SCPA BURUIAN, CARACA\u0218 \u0218I ASOCIA\u021aII\" \/>\n<meta property=\"og:description\" content=\"&nbsp; &nbsp; Dispozi\u021bii privind litigiile civile Potrivit Decretului 195\/2020 privind instituirea st\u0103rii de urgen\u021b\u0103 pe teritoriu Rom\u00e2niei, prescrip\u021biile \u0219i termenele de dec\u0103dere de orice fel NU \u00eencep s\u0103 curg\u0103, iar dac\u0103 au \u00eenceput s\u0103 curg\u0103, se suspend\u0103 pe toat\u0103 durata st\u0103rii de urgen\u021b\u0103. \u00cen raport de modalitatea de reglementare, \u00eentreruperea termenului de prescrip\u021bie vizeaz\u0103 at\u00e2t [&hellip;]\" \/>\n<meta property=\"og:url\" content=\"https:\/\/avocat-buruian-caracas.ro\/ro\/2020\/03\/23\/starea-de-urgenta-in-romania-masuri-de-prima-urgenta-in-domeniul-juridic\/\" \/>\n<meta property=\"og:site_name\" content=\"SCPA BURUIAN, CARACA\u0218 \u0218I ASOCIA\u021aII\" \/>\n<meta property=\"article:publisher\" content=\"https:\/\/www.facebook.com\/buruian.caracas.avocati\/\" \/>\n<meta property=\"article:published_time\" content=\"2020-03-23T10:59:41+00:00\" \/>\n<meta property=\"article:modified_time\" content=\"2022-02-18T11:51:57+00:00\" \/>\n<meta name=\"author\" content=\"SCPA BURUIAN, CARACAS SI ASOCIATII\" \/>\n<meta name=\"twitter:card\" content=\"summary_large_image\" \/>\n<meta name=\"twitter:label1\" content=\"Scris de\" \/>\n\t<meta name=\"twitter:data1\" content=\"SCPA BURUIAN, CARACAS SI ASOCIATII\" \/>\n\t<meta name=\"twitter:label2\" content=\"Timp estimat pentru citire\" \/>\n\t<meta name=\"twitter:data2\" content=\"7 minute\" \/>\n<script type=\"application\/ld+json\" class=\"yoast-schema-graph\">{\"@context\":\"https:\/\/schema.org\",\"@graph\":[{\"@type\":\"Article\",\"@id\":\"https:\/\/avocat-buruian-caracas.ro\/ro\/2020\/03\/23\/starea-de-urgenta-in-romania-masuri-de-prima-urgenta-in-domeniul-juridic\/#article\",\"isPartOf\":{\"@id\":\"https:\/\/avocat-buruian-caracas.ro\/ro\/2020\/03\/23\/starea-de-urgenta-in-romania-masuri-de-prima-urgenta-in-domeniul-juridic\/\"},\"author\":{\"name\":\"SCPA BURUIAN, CARACAS SI ASOCIATII\",\"@id\":\"https:\/\/avocat-buruian-caracas.ro\/ro\/#\/schema\/person\/16e2f667a12e3b89bcb82b5b347ca240\"},\"headline\":\"STAREA DE URGEN\u021a\u0102 \u00ceN ROM\u00c2NIA. M\u0102SURI DE PRIM\u0102 URGEN\u021a\u0102 \u00ceN DOMENIUL JURIDIC\",\"datePublished\":\"2020-03-23T10:59:41+00:00\",\"dateModified\":\"2022-02-18T11:51:57+00:00\",\"mainEntityOfPage\":{\"@id\":\"https:\/\/avocat-buruian-caracas.ro\/ro\/2020\/03\/23\/starea-de-urgenta-in-romania-masuri-de-prima-urgenta-in-domeniul-juridic\/\"},\"wordCount\":1375,\"publisher\":{\"@id\":\"https:\/\/avocat-buruian-caracas.ro\/ro\/#organization\"},\"articleSection\":[\"Drept Contraven\u021bional\",\"Drept Penal\",\"Drept Societar\"],\"inLanguage\":\"ro-RO\"},{\"@type\":\"WebPage\",\"@id\":\"https:\/\/avocat-buruian-caracas.ro\/ro\/2020\/03\/23\/starea-de-urgenta-in-romania-masuri-de-prima-urgenta-in-domeniul-juridic\/\",\"url\":\"https:\/\/avocat-buruian-caracas.ro\/ro\/2020\/03\/23\/starea-de-urgenta-in-romania-masuri-de-prima-urgenta-in-domeniul-juridic\/\",\"name\":\"STAREA DE URGEN\u021a\u0102 \u00ceN ROM\u00c2NIA. M\u0102SURI DE PRIM\u0102 URGEN\u021a\u0102 \u00ceN DOMENIUL JURIDIC - SCPA BURUIAN, CARACA\u0218 \u0218I ASOCIA\u021aII\",\"isPartOf\":{\"@id\":\"https:\/\/avocat-buruian-caracas.ro\/ro\/#website\"},\"datePublished\":\"2020-03-23T10:59:41+00:00\",\"dateModified\":\"2022-02-18T11:51:57+00:00\",\"breadcrumb\":{\"@id\":\"https:\/\/avocat-buruian-caracas.ro\/ro\/2020\/03\/23\/starea-de-urgenta-in-romania-masuri-de-prima-urgenta-in-domeniul-juridic\/#breadcrumb\"},\"inLanguage\":\"ro-RO\",\"potentialAction\":[{\"@type\":\"ReadAction\",\"target\":[\"https:\/\/avocat-buruian-caracas.ro\/ro\/2020\/03\/23\/starea-de-urgenta-in-romania-masuri-de-prima-urgenta-in-domeniul-juridic\/\"]}]},{\"@type\":\"BreadcrumbList\",\"@id\":\"https:\/\/avocat-buruian-caracas.ro\/ro\/2020\/03\/23\/starea-de-urgenta-in-romania-masuri-de-prima-urgenta-in-domeniul-juridic\/#breadcrumb\",\"itemListElement\":[{\"@type\":\"ListItem\",\"position\":1,\"name\":\"Home\",\"item\":\"https:\/\/avocat-buruian-caracas.ro\/ro\/\"},{\"@type\":\"ListItem\",\"position\":2,\"name\":\"STAREA DE URGEN\u021a\u0102 \u00ceN ROM\u00c2NIA. M\u0102SURI DE PRIM\u0102 URGEN\u021a\u0102 \u00ceN DOMENIUL JURIDIC\"}]},{\"@type\":\"WebSite\",\"@id\":\"https:\/\/avocat-buruian-caracas.ro\/ro\/#website\",\"url\":\"https:\/\/avocat-buruian-caracas.ro\/ro\/\",\"name\":\"SCP BURUIAN, CARACAS SI ASOCIATII\",\"description\":\"SCPA\",\"publisher\":{\"@id\":\"https:\/\/avocat-buruian-caracas.ro\/ro\/#organization\"},\"potentialAction\":[{\"@type\":\"SearchAction\",\"target\":{\"@type\":\"EntryPoint\",\"urlTemplate\":\"https:\/\/avocat-buruian-caracas.ro\/ro\/?s={search_term_string}\"},\"query-input\":\"required name=search_term_string\"}],\"inLanguage\":\"ro-RO\"},{\"@type\":\"Organization\",\"@id\":\"https:\/\/avocat-buruian-caracas.ro\/ro\/#organization\",\"name\":\"BURUIAN, CARACAS SI ASOCIATII Societate Civila Profesionala de Avocati\",\"url\":\"https:\/\/avocat-buruian-caracas.ro\/ro\/\",\"logo\":{\"@type\":\"ImageObject\",\"inLanguage\":\"ro-RO\",\"@id\":\"https:\/\/avocat-buruian-caracas.ro\/ro\/#\/schema\/logo\/image\/\",\"url\":\"https:\/\/avocat-buruian-caracas.ro\/wp-content\/uploads\/unnamed-bun.png\",\"contentUrl\":\"https:\/\/avocat-buruian-caracas.ro\/wp-content\/uploads\/unnamed-bun.png\",\"width\":277,\"height\":88,\"caption\":\"BURUIAN, CARACAS SI ASOCIATII Societate Civila Profesionala de Avocati\"},\"image\":{\"@id\":\"https:\/\/avocat-buruian-caracas.ro\/ro\/#\/schema\/logo\/image\/\"},\"sameAs\":[\"https:\/\/www.facebook.com\/buruian.caracas.avocati\/\"]},{\"@type\":\"Person\",\"@id\":\"https:\/\/avocat-buruian-caracas.ro\/ro\/#\/schema\/person\/16e2f667a12e3b89bcb82b5b347ca240\",\"name\":\"SCPA BURUIAN, CARACAS SI ASOCIATII\",\"image\":{\"@type\":\"ImageObject\",\"inLanguage\":\"ro-RO\",\"@id\":\"https:\/\/avocat-buruian-caracas.ro\/ro\/#\/schema\/person\/image\/\",\"url\":\"https:\/\/secure.gravatar.com\/avatar\/a5e95e546884e46564fa0983517c1946?s=96&d=mm&r=g\",\"contentUrl\":\"https:\/\/secure.gravatar.com\/avatar\/a5e95e546884e46564fa0983517c1946?s=96&d=mm&r=g\",\"caption\":\"SCPA BURUIAN, CARACAS SI ASOCIATII\"},\"sameAs\":[\"https:\/\/www.avocat-buruian-caracas.ro\/\"],\"url\":\"https:\/\/avocat-buruian-caracas.ro\/ro\/author\/dbcr\/\"}]}<\/script>\n<!-- \/ Yoast SEO plugin. -->","yoast_head_json":{"title":"STAREA DE URGEN\u021a\u0102 \u00ceN ROM\u00c2NIA. M\u0102SURI DE PRIM\u0102 URGEN\u021a\u0102 \u00ceN DOMENIUL JURIDIC - SCPA BURUIAN, CARACA\u0218 \u0218I ASOCIA\u021aII","robots":{"index":"index","follow":"follow","max-snippet":"max-snippet:-1","max-image-preview":"max-image-preview:large","max-video-preview":"max-video-preview:-1"},"canonical":"https:\/\/avocat-buruian-caracas.ro\/ro\/2020\/03\/23\/starea-de-urgenta-in-romania-masuri-de-prima-urgenta-in-domeniul-juridic\/","og_locale":"ro_RO","og_type":"article","og_title":"STAREA DE URGEN\u021a\u0102 \u00ceN ROM\u00c2NIA. M\u0102SURI DE PRIM\u0102 URGEN\u021a\u0102 \u00ceN DOMENIUL JURIDIC - SCPA BURUIAN, CARACA\u0218 \u0218I ASOCIA\u021aII","og_description":"&nbsp; &nbsp; Dispozi\u021bii privind litigiile civile Potrivit Decretului 195\/2020 privind instituirea st\u0103rii de urgen\u021b\u0103 pe teritoriu Rom\u00e2niei, prescrip\u021biile \u0219i termenele de dec\u0103dere de orice fel NU \u00eencep s\u0103 curg\u0103, iar dac\u0103 au \u00eenceput s\u0103 curg\u0103, se suspend\u0103 pe toat\u0103 durata st\u0103rii de urgen\u021b\u0103. \u00cen raport de modalitatea de reglementare, \u00eentreruperea termenului de prescrip\u021bie vizeaz\u0103 at\u00e2t [&hellip;]","og_url":"https:\/\/avocat-buruian-caracas.ro\/ro\/2020\/03\/23\/starea-de-urgenta-in-romania-masuri-de-prima-urgenta-in-domeniul-juridic\/","og_site_name":"SCPA BURUIAN, CARACA\u0218 \u0218I ASOCIA\u021aII","article_publisher":"https:\/\/www.facebook.com\/buruian.caracas.avocati\/","article_published_time":"2020-03-23T10:59:41+00:00","article_modified_time":"2022-02-18T11:51:57+00:00","author":"SCPA BURUIAN, CARACAS SI ASOCIATII","twitter_card":"summary_large_image","twitter_misc":{"Scris de":"SCPA BURUIAN, CARACAS SI ASOCIATII","Timp estimat pentru citire":"7 minute"},"schema":{"@context":"https:\/\/schema.org","@graph":[{"@type":"Article","@id":"https:\/\/avocat-buruian-caracas.ro\/ro\/2020\/03\/23\/starea-de-urgenta-in-romania-masuri-de-prima-urgenta-in-domeniul-juridic\/#article","isPartOf":{"@id":"https:\/\/avocat-buruian-caracas.ro\/ro\/2020\/03\/23\/starea-de-urgenta-in-romania-masuri-de-prima-urgenta-in-domeniul-juridic\/"},"author":{"name":"SCPA BURUIAN, CARACAS SI ASOCIATII","@id":"https:\/\/avocat-buruian-caracas.ro\/ro\/#\/schema\/person\/16e2f667a12e3b89bcb82b5b347ca240"},"headline":"STAREA DE URGEN\u021a\u0102 \u00ceN ROM\u00c2NIA. M\u0102SURI DE PRIM\u0102 URGEN\u021a\u0102 \u00ceN DOMENIUL JURIDIC","datePublished":"2020-03-23T10:59:41+00:00","dateModified":"2022-02-18T11:51:57+00:00","mainEntityOfPage":{"@id":"https:\/\/avocat-buruian-caracas.ro\/ro\/2020\/03\/23\/starea-de-urgenta-in-romania-masuri-de-prima-urgenta-in-domeniul-juridic\/"},"wordCount":1375,"publisher":{"@id":"https:\/\/avocat-buruian-caracas.ro\/ro\/#organization"},"articleSection":["Drept Contraven\u021bional","Drept Penal","Drept Societar"],"inLanguage":"ro-RO"},{"@type":"WebPage","@id":"https:\/\/avocat-buruian-caracas.ro\/ro\/2020\/03\/23\/starea-de-urgenta-in-romania-masuri-de-prima-urgenta-in-domeniul-juridic\/","url":"https:\/\/avocat-buruian-caracas.ro\/ro\/2020\/03\/23\/starea-de-urgenta-in-romania-masuri-de-prima-urgenta-in-domeniul-juridic\/","name":"STAREA DE URGEN\u021a\u0102 \u00ceN ROM\u00c2NIA. M\u0102SURI DE PRIM\u0102 URGEN\u021a\u0102 \u00ceN DOMENIUL JURIDIC - SCPA BURUIAN, CARACA\u0218 \u0218I ASOCIA\u021aII","isPartOf":{"@id":"https:\/\/avocat-buruian-caracas.ro\/ro\/#website"},"datePublished":"2020-03-23T10:59:41+00:00","dateModified":"2022-02-18T11:51:57+00:00","breadcrumb":{"@id":"https:\/\/avocat-buruian-caracas.ro\/ro\/2020\/03\/23\/starea-de-urgenta-in-romania-masuri-de-prima-urgenta-in-domeniul-juridic\/#breadcrumb"},"inLanguage":"ro-RO","potentialAction":[{"@type":"ReadAction","target":["https:\/\/avocat-buruian-caracas.ro\/ro\/2020\/03\/23\/starea-de-urgenta-in-romania-masuri-de-prima-urgenta-in-domeniul-juridic\/"]}]},{"@type":"BreadcrumbList","@id":"https:\/\/avocat-buruian-caracas.ro\/ro\/2020\/03\/23\/starea-de-urgenta-in-romania-masuri-de-prima-urgenta-in-domeniul-juridic\/#breadcrumb","itemListElement":[{"@type":"ListItem","position":1,"name":"Home","item":"https:\/\/avocat-buruian-caracas.ro\/ro\/"},{"@type":"ListItem","position":2,"name":"STAREA DE URGEN\u021a\u0102 \u00ceN ROM\u00c2NIA. M\u0102SURI DE PRIM\u0102 URGEN\u021a\u0102 \u00ceN DOMENIUL JURIDIC"}]},{"@type":"WebSite","@id":"https:\/\/avocat-buruian-caracas.ro\/ro\/#website","url":"https:\/\/avocat-buruian-caracas.ro\/ro\/","name":"SCP BURUIAN, CARACAS SI ASOCIATII","description":"SCPA","publisher":{"@id":"https:\/\/avocat-buruian-caracas.ro\/ro\/#organization"},"potentialAction":[{"@type":"SearchAction","target":{"@type":"EntryPoint","urlTemplate":"https:\/\/avocat-buruian-caracas.ro\/ro\/?s={search_term_string}"},"query-input":"required name=search_term_string"}],"inLanguage":"ro-RO"},{"@type":"Organization","@id":"https:\/\/avocat-buruian-caracas.ro\/ro\/#organization","name":"BURUIAN, CARACAS SI ASOCIATII Societate Civila Profesionala de Avocati","url":"https:\/\/avocat-buruian-caracas.ro\/ro\/","logo":{"@type":"ImageObject","inLanguage":"ro-RO","@id":"https:\/\/avocat-buruian-caracas.ro\/ro\/#\/schema\/logo\/image\/","url":"https:\/\/avocat-buruian-caracas.ro\/wp-content\/uploads\/unnamed-bun.png","contentUrl":"https:\/\/avocat-buruian-caracas.ro\/wp-content\/uploads\/unnamed-bun.png","width":277,"height":88,"caption":"BURUIAN, CARACAS SI ASOCIATII Societate Civila Profesionala de Avocati"},"image":{"@id":"https:\/\/avocat-buruian-caracas.ro\/ro\/#\/schema\/logo\/image\/"},"sameAs":["https:\/\/www.facebook.com\/buruian.caracas.avocati\/"]},{"@type":"Person","@id":"https:\/\/avocat-buruian-caracas.ro\/ro\/#\/schema\/person\/16e2f667a12e3b89bcb82b5b347ca240","name":"SCPA BURUIAN, CARACAS SI ASOCIATII","image":{"@type":"ImageObject","inLanguage":"ro-RO","@id":"https:\/\/avocat-buruian-caracas.ro\/ro\/#\/schema\/person\/image\/","url":"https:\/\/secure.gravatar.com\/avatar\/a5e95e546884e46564fa0983517c1946?s=96&d=mm&r=g","contentUrl":"https:\/\/secure.gravatar.com\/avatar\/a5e95e546884e46564fa0983517c1946?s=96&d=mm&r=g","caption":"SCPA BURUIAN, CARACAS SI ASOCIATII"},"sameAs":["https:\/\/www.avocat-buruian-caracas.ro\/"],"url":"https:\/\/avocat-buruian-caracas.ro\/ro\/author\/dbcr\/"}]}},"_links":{"self":[{"href":"https:\/\/avocat-buruian-caracas.ro\/ro\/wp-json\/wp\/v2\/posts\/1128\/"}],"collection":[{"href":"https:\/\/avocat-buruian-caracas.ro\/ro\/wp-json\/wp\/v2\/posts\/"}],"about":[{"href":"https:\/\/avocat-buruian-caracas.ro\/ro\/wp-json\/wp\/v2\/types\/post\/"}],"author":[{"embeddable":true,"href":"https:\/\/avocat-buruian-caracas.ro\/ro\/wp-json\/wp\/v2\/users\/2\/"}],"replies":[{"embeddable":true,"href":"https:\/\/avocat-buruian-caracas.ro\/ro\/wp-json\/wp\/v2\/comments\/?post=1128"}],"version-history":[{"count":1,"href":"https:\/\/avocat-buruian-caracas.ro\/ro\/wp-json\/wp\/v2\/posts\/1128\/revisions\/"}],"predecessor-version":[{"id":1129,"href":"https:\/\/avocat-buruian-caracas.ro\/ro\/wp-json\/wp\/v2\/posts\/1128\/revisions\/1129\/"}],"wp:attachment":[{"href":"https:\/\/avocat-buruian-caracas.ro\/ro\/wp-json\/wp\/v2\/media\/?parent=1128"}],"wp:term":[{"taxonomy":"category","embeddable":true,"href":"https:\/\/avocat-buruian-caracas.ro\/ro\/wp-json\/wp\/v2\/categories\/?post=1128"},{"taxonomy":"post_tag","embeddable":true,"href":"https:\/\/avocat-buruian-caracas.ro\/ro\/wp-json\/wp\/v2\/tags\/?post=1128"}],"curies":[{"name":"wp","href":"https:\/\/api.w.org\/{rel}","templated":true}]}}